{"id":1853,"date":"2014-02-10T10:38:12","date_gmt":"2014-02-10T10:38:12","guid":{"rendered":"http:\/\/www.barkultur.sk\/blog\/?p=1853"},"modified":"2014-02-10T10:39:11","modified_gmt":"2014-02-10T10:39:11","slug":"svatek-zalubenych-do-seba","status":"publish","type":"post","link":"http:\/\/www.barkultur.sk\/blog\/svatek-zalubenych-do-seba\/","title":{"rendered":"SV\u00c1TEK ZAL\u00daBEN\u00ddCH DO SEBA"},"content":{"rendered":"<p>O\u010d\u00favaj ma sem ty, Apinko! T\u00ed lu\u010f\u00e1 sa u\u017e pekne zbl\u00e1znili! Norm\u00e1lne ten sv\u00e1tek, v\u00ed\u0161, \u010do sa dvaj\u00e1 tak dr\u017e\u00e1 tedy cel\u00fd de\u0148 bez prest\u00e1vky za ruky, alebo ke\u010f sa nedr\u017e\u00e1, tak si \u0161u\u0161kaj\u00fa jako \u017ee mil\u00e9 slov\u00ed\u010dka, v\u00ed\u0161, l\u00faba sa, pos\u00edlaj\u00fa si zrazu smsky, fotky a s\u00fa jako zbl\u00e1znen\u00fd tento \u010fe\u0148. Dokonca si pos\u00edlaj\u00fa aj kvetiny a norm\u00e1lne sa ti poz\u00fdvaj\u00fa aj do re\u0161tavr\u00e1cii na ve\u010deru.<br \/>\nPre\u010do \u0165i j\u00e1 toto ale p\u00ed\u0161em. Z ka\u017edej strany to u\u017e za\u010d\u00edna kri\u010da\u0165. Velent\u00edn, sv\u00e1tek zal\u00faben\u00fdch a tak. \u0160etky re\u0161tiky \u010dil vyr\u00e1baj\u00fa sl\u00e1vnostn\u00e9 meny, \u017ee aby s\u0165e \u0161etci zal\u00faben\u00fd k nim do\u0161li. Tak je to aj dobr\u00e9, lebo pov\u00edm ti, tento de\u0148 je to jak v amerike.<br \/>\n<!--more-->\u017de re\u0161tika je pekne vyrezervuvan\u00e1 na dva r\u00e1zy a ke\u010f si v dobrej re\u0161tike, ker\u00e1 jako slu\u0161ne var\u00ed, nerezervuje\u0161 m\u00edsto, tak si \u0148esa\u0148ne\u0161 a ide\u0161 najeduvan\u00fd domov. Teda ty si ani \u0148eni moc najeduvan\u00fd, lebo si mysl\u00ed\u0161, \u017ee si u\u0161etrev, ale t\u00e1 tvoja veru bude ofu\u010dan\u00e1 jak \/no, s\u0165ev som nap\u00edsa\u0165, \u017ee svi\u0148a, ale to sa asi nehod\u00ed\/. Tak teda bude ofu\u010dan\u00e1, ke\u010f ju zebere\u0161 nam\u00edsto do Pal\u00e1dia do Mekdonalda. V\u00ed\u0161 Apinko. J\u00e1 som si vedom\u00fd, \u017ee lu\u010f\u00e1 \u0148emaj\u00fa tolko l\u00f3ve jako v amerike. My, \u010do t\u00ed re\u0161taur\u00e1cie rob\u00edme, alebo sme robil, tak sme to obhajuvali aj t\u00fdm, \u017ee t\u00e1 kult\u00fara tu \u0148eni. V\u00ed\u0161. je to rados\u0165 robi\u0165, ke\u010f m\u00e1\u0161 vysm\u00e1ty person\u00e1l okolo seba, ker\u00fd sa \u0165e\u0161\u00ed, \u017ee bude plno, \u017ee t\u00e1 atmosf\u00e9ra, ker\u00e1 je napr\u00edklad aj v tom Pal\u00e1dku, tak je tak\u00e1 fajnov\u00e1, tak\u00e1 in\u00e1. C\u00edti\u0161 tam tak\u00fa energiu, ker\u00fa ti ten ve\u010der daj\u00fa iba t\u00edto zal\u00faben\u00e9 p\u00e1ry. To sa \u0148ed\u00e1 k\u00fapi\u0165. R\u00e1d na to spom\u00ednam, a\u017e mi vypalla slza z oka. Pekn\u00e9 je aj to, \u017ee lu\u010f\u00e1 tedy nepotrebuj\u00fa jello za 5 evri. \u017de im d\u00e1\u0161 pekn\u00e9 spolo\u010dn\u00e9 meny napr\u00edklad za 12 na osobu a oni ti to k\u00fap\u00e1. A maj\u00fa potom z\u00e1\u017eitek. Potom sa aj na seba usm\u00edvaj\u00fa a pove\u010f\u00e1 si, \u017ee mali pekn\u00fd ve\u010der. M\u00f3\u017eu potom d\u00f3js\u0165 e\u0161te ke m\u0148e na \u0161ampansk\u00e9, lebo to je n\u00e1poj, ker\u00fd si j\u00e1 predstavujem na oslavu tohto sv\u00e1tku. Teda po tej ve\u010deri. V\u00ed\u0161, to \u0161ampansk\u00e9, to m\u00f3\u017ee\u0161 pi\u0165 furt. Aj r\u00e1no, aj pred ve\u010deru, aj po \u0148ej. Neubl\u00ed\u017ei ti. Ale \u0148\u00e9 o tom so ti j\u00e1 s\u0165ev vypr\u00e1va\u0165.<br \/>\nM\u0148e to trochu leze nanervy, tak ti pov\u00edm. Je u\u017e toho tak vela, \u017ee si pripad\u00e1m jak na V\u00e1noce v okt\u00f3bri. Ale ani by ma to nenapallo p\u00edsa\u0165, a\u017e \u010dil pred chv\u00edlu som ti videv na fejb\u00fake, \u017ee\u00a0jenna re\u0161tika u\u017e \u0148ev\u00ed vydr\u017ea\u0165, tak u\u017e jako nepropaguje valent\u00edna toho 14teho, ale o\u0148i \u0165\u00ed rovno do\u0161li s tak\u00fdm vychytan\u00fdm n\u00e1padom, \u017ee u\u017e \u0148esk\u00e1, a to je e\u0161te len des\u00e1teho, u\u017e teda \u0148esk\u00e1 propaguj\u00fa VALENT\u00cdNSKY T\u00dd\u017dDE\u0147! No \u010do ti pov\u00edm. Zarobi\u0165 nasilu, marketing a \u0148ev\u00edm \u010do e\u0161te jak to volaj\u00fa t\u00ed m\u00fadre hlavy, ke\u010f u\u017e \u0148eve\u010f\u00e1 \u010do \u010f\u00e1l a nemaj\u00fa norm\u00e1lne robotu. To u\u017e mi pr\u00edd tak\u00e9 nasilu.<br \/>\nMne sa ten valent\u00edn in\u00e1\u010d l\u00fabi, ve\u010f je to velice pekn\u00e9, ke\u010f sa lu\u010f\u00e1 pekne oble\u010d\u00fa a id\u00fa na ve\u010deru a na drink. A pove\u010f\u00e1 si, \u017ee to bolo faj\u00edn, \u017ee po \u0148eskaj\u0161ku u\u017e nebud\u00fa v\u00e1c \u010daka\u0165 rok na \u010fal\u0161\u00e9ho valent\u00edna, ale \u017ee bud\u00fa chodi\u0165 ven \u010dastej\u0161\u00ed. A \u010dastej\u0161\u00ed si bud\u00fa u\u017e\u00edva\u0165 \u017eivot a sam\u00fdch seba. To je na tom pekn\u00e9. A j\u00e1 im to prajem a prajem to aj sebe.<\/p>\n<p>Ale v\u00ed\u0161 \u010do sa \u010dudujem? \u017de e\u0161te nido nedo\u0161\u00f3v z n\u00e1padom urobi\u0165 menu pre osamel\u00fdch. Alebo diskot\u00e9ku pre nezadan\u00fdch. Pr\u00e1vda aj je, \u017ee na osamel\u00fdch by nezarobli t\u00ed re\u0161tiky tolko, jak na zal\u00faben\u00fdch. No \u010do d\u00e1\u0161 menu za 24 pre osamel\u00fdch? Do bude se\u010fe\u0165 na tej pr\u00e1znej \u0161toli\u010dke? \u010eal\u0161\u00ed osamel\u00fd? To by teda bola atmosf\u00e9ra! Tak\u00fd osamel\u00fd, to ti pov\u00edm, to \u0148eni v re\u0161tike a\u017e tak\u00e1 dobr\u00e1 v\u00fdhra. Tak\u00fd osamel\u00fd si neobjenn\u00e1 menu pre dvoch a nevypije k tomu fla\u0161u v\u00edna. Ani nevydr\u017e\u00ed dlho se\u010fe\u0165, lebo sa nebude m\u00f3c\u0165 kuka\u0165 na t\u00ed \u0161\u0165asn\u00e9 p\u00e1ry, jak si hrk\u00fataj\u00fa pri prejjelle.<br \/>\nAle pov\u00edm ti jennu vec, Apinko. Tak\u00fdto osamel\u00fd, a m\u00f3\u017ee\u0161 to by\u0165 klunne aj ty, ke\u010f nem\u00e1\u0161 koho ob\u0161\u0165ast\u0148uva\u0165, tak to si ide\u00e1lny hos\u0165 do baru. V\u00ed\u0161, j\u00e1 som mav \u017edy tak\u00e9 pochopen\u00ed pre osamel\u00fdch hos\u0165\u00ed a to \u0148\u00e9 iba na Valent\u00edna. Raz som videv jenn\u00e9ho v takom malom nemeckom bare. Se\u010fev pri bare, pev to martini, o kerom som ti volakedy p\u00edsav. Bov tam s\u00e1m s t\u00fdm svojim martini. Mav u\u017e tak\u00fd sklenen\u00fd pohlad a mne ho zrazu do\u0161lo l\u00fato. \u0147ev\u00edm pre\u010do, ale \u017edy mi je l\u00fato lu\u010f\u00ed, ker\u00fd se\u010f\u00e1 sami v bare. Teda \u0148\u00e9 tak\u00fd, \u010do d\u00f3jdu iba sem tam na k\u00e1vu a akur\u00e1t \u0148emaj\u00fa s k\u00fdm. M\u00e1m j\u00e1 na mysly tak\u00fdch, \u010do cho\u010f\u00e1 pravidelne. \u010co maj\u00fa t\u00e9 svoje tr\u00e1pe\u0148\u00e1 a \u0148eh\u00e1vaj\u00fa si ich v sebe, lebo \u0148es\u0165\u00fa nikoho otravuva\u0165. D\u00f3jdu do toho svojho baru a aj ke\u010f volakedy vypij\u00fa v\u00e1cej, maj\u00fa len ten sklenen\u00fd pohlad a nikdy neotravuj\u00fa druh\u00fdch a aj ke\u010f v\u00e1cej vypij\u00fa, aj tak s\u00fa potichu. Potom zapla\u0165\u00e1 a id\u00fa pre\u010d. A d\u00f3jdu zas, lebo na\u0161li v tom bare v\u00e1cej tepla, jak ve svojej ob\u00fdva\u010dke ze sekret\u00e1rom . Tak\u00fdchto osamel\u00fdch som ja u\u017e vi\u010fev v\u00e1c, \u0148\u00e9 len toho jenn\u00e9ho v tom bare v Berl\u00edne. Bolo mi ich \u017edycky vol\u00e1ko l\u00fato.<br \/>\n\u0147\u00e9 \u017ee by som mav vola\u010do proti zal\u00faben\u00fdm. To v\u00f3bec, ve\u010f aj j\u00e1 som st\u00e1le zal\u00faben\u00fd a s\u0165asn\u00fd, \u017ee m\u00e1m pri sebe rodinu. A som r\u00e1d ke\u010f d\u00f3jdu ke mne aj na toho valent\u00edna na \u0161ampansk\u00e9, alebo na koktajl a po\u010fel\u00e1 sa s nama o svoju radost, ze s\u00fa spolu. Tak by to malo by\u0165. Te\u0161\u00edm sa na tento de\u0148. Ale nebude mi vadi\u0165, ke\u010f d\u00f3jde na bar volado s\u00e1m a objenn\u00e1 si drink pre osamel\u00e9ho. \u017d\u00e1nne meny, \u017e\u00e1dna akcia, \u017e\u00e1nna extra ponuka. Lebo pov\u00edm ti, \u00a0\u010dlovek by \u0148emav by\u0165 s\u00e1m. A je \u00faplne jenno, \u010di je akur\u00e1t valent\u00edn, alebo \u0148eni.<\/p>\n<p>Posted by: Lubo\u0161 R\u00e1cz<\/p>\n<p>&nbsp;<\/p>\n<fb:like \r\n\t\thref=\"http:\/\/www.barkultur.sk\/blog\/svatek-zalubenych-do-seba\/\" \r\n\t\tlayout=\"button_count\" \r\n\t\tshow_faces=\"false\" \r\n\t\twidth=\"350\" \r\n\t\t\r\n\t\taction=\"like\" \r\n\t\tcolorscheme=\"light\" \r\n\t\tstyle=\"margin-top:5px;\"\r\n\t\tclass=\"fb_edge_widget_with_comment fb_iframe_widget\"><\/fb:like>","protected":false},"excerpt":{"rendered":"<p>O\u010d\u00favaj ma sem ty, Apinko! T\u00ed lu\u010f\u00e1 sa u\u017e pekne zbl\u00e1znili! Norm\u00e1lne ten sv\u00e1tek, v\u00ed\u0161, \u010do sa dvaj\u00e1 tak dr\u017e\u00e1 tedy cel\u00fd de\u0148 bez prest\u00e1vky za ruky, alebo ke\u010f sa nedr\u017e\u00e1, tak si \u0161u\u0161kaj\u00fa jako \u017ee mil\u00e9 slov\u00ed\u010dka, v\u00ed\u0161, l\u00faba sa, pos\u00edlaj\u00fa si zrazu smsky, fotky a s\u00fa jako zbl\u00e1znen\u00fd tento \u010fe\u0148. Dokonca si pos\u00edlaj\u00fa [&hellip;]<\/p>\n","protected":false},"author":2,"featured_media":0,"comment_status":"open","ping_status":"open","sticky":false,"template":"","format":"standard","meta":{"_s2mail":"yes","footnotes":""},"categories":[13],"tags":[72,56,3,156,105],"_links":{"self":[{"href":"http:\/\/www.barkultur.sk\/blog\/wp-json\/wp\/v2\/posts\/1853"}],"collection":[{"href":"http:\/\/www.barkultur.sk\/blog\/wp-json\/wp\/v2\/posts"}],"about":[{"href":"http:\/\/www.barkultur.sk\/blog\/wp-json\/wp\/v2\/types\/post"}],"author":[{"embeddable":true,"href":"http:\/\/www.barkultur.sk\/blog\/wp-json\/wp\/v2\/users\/2"}],"replies":[{"embeddable":true,"href":"http:\/\/www.barkultur.sk\/blog\/wp-json\/wp\/v2\/comments?post=1853"}],"version-history":[{"count":12,"href":"http:\/\/www.barkultur.sk\/blog\/wp-json\/wp\/v2\/posts\/1853\/revisions"}],"predecessor-version":[{"id":1866,"href":"http:\/\/www.barkultur.sk\/blog\/wp-json\/wp\/v2\/posts\/1853\/revisions\/1866"}],"wp:attachment":[{"href":"http:\/\/www.barkultur.sk\/blog\/wp-json\/wp\/v2\/media?parent=1853"}],"wp:term":[{"taxonomy":"category","embeddable":true,"href":"http:\/\/www.barkultur.sk\/blog\/wp-json\/wp\/v2\/categories?post=1853"},{"taxonomy":"post_tag","embeddable":true,"href":"http:\/\/www.barkultur.sk\/blog\/wp-json\/wp\/v2\/tags?post=1853"}],"curies":[{"name":"wp","href":"https:\/\/api.w.org\/{rel}","templated":true}]}}