{"id":2891,"date":"2017-08-09T19:04:21","date_gmt":"2017-08-09T19:04:21","guid":{"rendered":"http:\/\/www.barkultur.sk\/blog\/?p=2891"},"modified":"2017-08-20T10:00:12","modified_gmt":"2017-08-20T10:00:12","slug":"uz-sa-tesim","status":"publish","type":"post","link":"http:\/\/www.barkultur.sk\/blog\/uz-sa-tesim\/","title":{"rendered":"U\u017d SA TE\u0160\u00cdM!"},"content":{"rendered":"<p><a href=\"http:\/\/www.barkultur.sk\/blog\/uz-sa-tesim\/barshow\/\" rel=\"attachment wp-att-2892\"><img loading=\"lazy\" decoding=\"async\" class=\"alignleft size-medium wp-image-2892\" src=\"http:\/\/www.barkultur.sk\/blog\/wp-content\/uploads\/2017\/08\/barshow-300x173.png\" alt=\"\" width=\"300\" height=\"173\" \/><\/a>Dnes som si uvedomil, \u017ee u\u017e d\u00e1vno som sa na nie\u010do tak ve\u013emi nete\u0161il, ako na nadch\u00e1dzaj\u00faci prv\u00fd septembrov\u00fd t\u00fd\u017ede\u0148.<br \/>\nTe\u0161\u00edm sa na prv\u00fa Slovensk\u00fa Barshow.<\/p>\n<p>Nie\u010do trochu podobn\u00e9 sme tu mali u\u017e na za\u010diatku tohto roka, kedy sme u\u017e po tret\u00ed kr\u00e1t organizovali legend\u00e1rne Barov\u00e9 Vianoce, ale prizn\u00e1m sa, \u017ee z poz\u00edcie organiz\u00e1tora som si viac uvedomoval zodpovednos\u0165, ktor\u00e1 ma brzdila v nejakom ve\u013ekom u\u017e\u00edvan\u00ed si pre\u017e\u00edvan\u00fdch chv\u00ed\u013e, aj ke\u010f to bolo z n\u00e1\u0161ho skromn\u00e9ho poh\u013eadu ve\u013ekolep\u00e9. Teda hlavne v\u010faka hos\u0165om, ktor\u00ed prijali moje pozvanie a okrem predn\u00e1\u0161ok sa postavili za bar a urobili tak\u00fd rakenrol, \u017ee mi z toho e\u0161te dnes stoja chlpy na tele.<\/p>\n<p><!--more-->Dalo by sa o\u010dak\u00e1va\u0165, \u017ee sa Barov\u00e9 Vianoce prirodzene posun\u00fa do akejsi neofici\u00e1lnej slovenskej barshow, \u010do bolo a st\u00e1le je aj mojim cie\u013eom, ale nemysl\u00edm si, \u017ee by to malo by\u0165 v takej rovine, ako je v\u0161ade zau\u017e\u00edvan\u00e9. No a je jasn\u00e9, \u017ee nie som jedin\u00fd, ktor\u00fd tu m\u00e1 snahu nie\u010do robi\u0165, obetova\u0165 \u010das a pos\u00fava\u0165 \u00farove\u0148 slovensk\u00e9ho baru vy\u0161\u0161ie, ako bola v\u010dera, tak \u017ee logicky pri\u0161iel niekto s n\u00e1padom urobi\u0165 ofici\u00e1lnu a poriadnu Barshow, zo v\u0161etk\u00fdm, \u010do k tomu patr\u00ed po vzore ve\u013ek\u00e9ho Berl\u00edna, Osla, \u010di At\u00e9n. Aj ke\u010f sa m\u00f4\u017ee zda\u0165, \u017ee je toho u\u017e ve\u013ea, \u010dlovek m\u00e1 kam chodi\u0165 a \u017ee sa vlastne neprin\u00e1\u0161a\u00a0ni\u010d nov\u00e9, \u00a0ja si mysl\u00edm, \u017ee toto nie je celkom n\u00e1\u0161 pr\u00edpad.<br \/>\nSom ve\u013emi r\u00e1d, \u017ee sa do toho pustili chlapci okolo Luba Kon\u010doka z Leroy Caf\u00e9 pr\u00e1ve v spolupr\u00e1ci s Martinom Hud\u00e1kom zo Savoya, ktor\u00fd postupom \u010dasu svojou h\u00fa\u017eevnatos\u0165ou a pracovitos\u0165ou dosiahol nie len obdivuhodn\u00e9 \u00faspechy, ale aj z\u00edskal z toho plyn\u00face vz\u00e1cne kontakty, \u010do je pre bud\u00facnos\u0165 podobn\u00fdch podujat\u00ed viac ako \u017eiad\u00face. S\u00edce sa teraz m\u00f4\u017ee zda\u0165, \u017ee v postupne predstavuj\u00facom sa &#8220;lineupe&#8221; ch\u00fdbaj\u00fa \u00a0ve\u013ek\u00e9 zahrani\u010dn\u00e9 men\u00e1 tak ako na ve\u013ek\u00fdch barshow, ja som naopak nesmierne r\u00e1d, \u017ee m\u00e1me doma aj v zahrani\u010d\u00ed tak kvalitn\u00e9 men\u00e1, \u017ee si so zauj\u00edmav\u00fdm programom vysta\u010d\u00edme na prvej barshow takmer sami. \/Teda aspo\u0148 pod\u013ea doteraz zverejnen\u00fdch speakrov\/ \u00a0Mysl\u00edm si, \u017ee je to odv\u00e1\u017eny krok a o to viac obdivuhodnej\u0161\u00ed a ani v najmen\u0161om mi to neuber\u00e1 z radosti, pr\u00e1ve naopak. Mo\u017eno t\u00fdmto krokom organiz\u00e1tori pr\u00eddu o medzin\u00e1rodn\u00fa pozornos\u0165, ale v \u010dase megalomansk\u00fdch &#8220;barshow projektov&#8221; m\u00e1 toto pre m\u0148a v\u00e4\u010d\u0161iu hodnotu.<br \/>\nMoja rados\u0165 a o\u010dak\u00e1vania sa daj\u00fa prirovna\u0165 k \u00faplne prv\u00e9mu Barconventu v Berl\u00edne spred desiatich rokov, kedy sme ho nav\u0161t\u00edvili s Erikom a Stanom a rozkuk\u00e1vali sa po barovom svete, pri\u010dom sme si patri\u010dne vychutn\u00e1vali \/aj ke\u010f len v trojici\/ re\u0161pekt dnes vysoko uzn\u00e1van\u00fdch osobnost\u00ed barov\u00e9ho sveta. Ja samozrejme tro\u0161i\u010dku menej ako t\u00ed dvaja, ale u\u017e\u00edval som si to rovnako :)) \u00a0Spomenuli sme si na to aj na Barov\u00fdch Vianociach.<\/p>\n<p>Pernod Ricard, s ktor\u00fdm \u00fazko spolupracujem je jedn\u00fdm z \u00a0hlavn\u00fdch partnerov tohto podujatia. Posledn\u00fd t\u00fd\u017ede\u0148 s Karolom Domischom intenz\u00edvne komunikujeme, \u010do zauj\u00edmav\u00e9 prinies\u0165 do svojich st\u00e1nkov a ja m\u00e1m pocit, \u017ee sa tu kone\u010dne z\u00edde cel\u00e9 barov\u00e9 Slovensko vr\u00e1tane t\u00fdch, ktor\u00ed pracuj\u00fa \u00faspe\u0161ne v zahrani\u010d\u00ed. Pr\u00edde Bystr\u00edk Uko, Mi\u0161o Kobza z Lond\u00fdna, Slavo Kytka a Maro\u0161 Dzurus z Osla, Adam Hrapko z Dubaja, dokonca Adam Laham a\u017e z Kanady, pr\u00edde aj Stan a e\u0161te mnoho mnoho \u010fal\u0161\u00edch, s ktor\u00fdmi som sa u\u017e p\u00e1r rokov nevidel \/sorry, \u017ee som nemenoval\/, alebo ktor\u00fdch pozn\u00e1m iba z Fejsb\u00faku, ale e\u0161te osobne nespoznal. Te\u0161\u00edm sa moc na kamar\u00e1tov z \u010ciech, ktor\u00ed d\u00fafam op\u00e4tuj\u00fa hojn\u00fa n\u00e1v\u0161tevu slovensk\u00fdch barmanov v Prahe. K tomu na\u0161i slovensk\u00ed \u00a0barmani, ktor\u00ed hrdo zost\u00e1vaj\u00fa doma a aj t\u00ed mlad\u00ed, ktor\u00fdch d\u00fafam pr\u00edde \u010do najviac a bud\u00fa viac hladn\u00ed po vedomostiach a motiv\u00e1cii, ako sm\u00e4dn\u00ed po produktoch.<\/p>\n<p>Norm\u00e1lne c\u00edtim t\u00fa atmosf\u00e9ru u\u017e na ko\u017ei, te\u0161\u00edm sa na predn\u00e1\u0161ky, na drinky a v\u0161etko, \u010do k tomu patr\u00ed. Za\u010dal som tomu veri\u0165. Za\u010dal som veri\u0165, \u017ee to bude neuverite\u013en\u00e9, \u017ee to bude \u0161upa, \u017ee to bude de\u0148, kedy si star\u0161\u00ed uvedomia, ako n\u00e1m mlad\u00ed vyr\u00e1stli a maj\u00fa \u010do poveda\u0165 t\u00fdm, ktor\u00ed s\u00fa v takom veku, ke\u010f sme k nim hovorili my. Ver\u00edm tomu, \u017ee v\u0161etci bud\u00fa odch\u00e1dza\u0165 namotivovan\u00ed, pre\u010do robi\u0165 toto remeslo, \u017ee pochopia, \u017ee patri\u0165 k na\u0161ej komunite je privil\u00e9gium a pocta, ktor\u00e1 je podmienen\u00e1 poctivou a kvalitnou robotou a pochopen\u00edm podstaty pohostinnosti. Ver\u00edm, \u017ee aj ten, kto v tom nem\u00e1 e\u0161te jasno pochop\u00ed. Dovol\u00edm si tvrdi\u0165, \u017ee e\u0161te nikdy som nec\u00edtil silu barmanskej komunity tak, ako ju budeme c\u00edti\u0165 v Bystrici. Ver\u00edm, \u017ee sa nem\u00fdlim!<\/p>\n<p>Ozaj, neofic\u00e1lne za\u010d\u00edname ve\u010der pred t\u00fdm v Bratislave, tak ver\u00edm, \u017ee u\u017e tam bude c\u00edti\u0165, \u017ee m\u00e1me barmansk\u00fd sviatok!<\/p>\n<p>Vid\u00edme sa 5.septembra v Bratislave a 6.teho v Banskej Bystrici!<\/p>\n<p>PS: \u00a0a ozaj, to najhlavnej\u0161ie! Pr\u00edde aj Erik L\u00f6rincz, tak \u017ee u\u017e nem\u00e1\u0161 d\u00f4vod tam neby\u0165!<\/p>\n<p>Posted by Lubo\u0161 R\u00e1cz<\/p>\n<fb:like \r\n\t\thref=\"http:\/\/www.barkultur.sk\/blog\/uz-sa-tesim\/\" \r\n\t\tlayout=\"button_count\" \r\n\t\tshow_faces=\"false\" \r\n\t\twidth=\"350\" \r\n\t\t\r\n\t\taction=\"like\" \r\n\t\tcolorscheme=\"light\" \r\n\t\tstyle=\"margin-top:5px;\"\r\n\t\tclass=\"fb_edge_widget_with_comment fb_iframe_widget\"><\/fb:like>","protected":false},"excerpt":{"rendered":"<p>Dnes som si uvedomil, \u017ee u\u017e d\u00e1vno som sa na nie\u010do tak ve\u013emi nete\u0161il, ako na nadch\u00e1dzaj\u00faci prv\u00fd septembrov\u00fd t\u00fd\u017ede\u0148. Te\u0161\u00edm sa na prv\u00fa Slovensk\u00fa Barshow. Nie\u010do trochu podobn\u00e9 sme tu mali u\u017e na za\u010diatku tohto roka, kedy sme u\u017e po tret\u00ed kr\u00e1t organizovali legend\u00e1rne Barov\u00e9 Vianoce, ale prizn\u00e1m sa, \u017ee z poz\u00edcie organiz\u00e1tora som [&hellip;]<\/p>\n","protected":false},"author":2,"featured_media":0,"comment_status":"open","ping_status":"open","sticky":false,"template":"","format":"standard","meta":{"_s2mail":"yes","footnotes":""},"categories":[13,33],"tags":[190,189,191,188,192],"_links":{"self":[{"href":"http:\/\/www.barkultur.sk\/blog\/wp-json\/wp\/v2\/posts\/2891"}],"collection":[{"href":"http:\/\/www.barkultur.sk\/blog\/wp-json\/wp\/v2\/posts"}],"about":[{"href":"http:\/\/www.barkultur.sk\/blog\/wp-json\/wp\/v2\/types\/post"}],"author":[{"embeddable":true,"href":"http:\/\/www.barkultur.sk\/blog\/wp-json\/wp\/v2\/users\/2"}],"replies":[{"embeddable":true,"href":"http:\/\/www.barkultur.sk\/blog\/wp-json\/wp\/v2\/comments?post=2891"}],"version-history":[{"count":13,"href":"http:\/\/www.barkultur.sk\/blog\/wp-json\/wp\/v2\/posts\/2891\/revisions"}],"predecessor-version":[{"id":2907,"href":"http:\/\/www.barkultur.sk\/blog\/wp-json\/wp\/v2\/posts\/2891\/revisions\/2907"}],"wp:attachment":[{"href":"http:\/\/www.barkultur.sk\/blog\/wp-json\/wp\/v2\/media?parent=2891"}],"wp:term":[{"taxonomy":"category","embeddable":true,"href":"http:\/\/www.barkultur.sk\/blog\/wp-json\/wp\/v2\/categories?post=2891"},{"taxonomy":"post_tag","embeddable":true,"href":"http:\/\/www.barkultur.sk\/blog\/wp-json\/wp\/v2\/tags?post=2891"}],"curies":[{"name":"wp","href":"https:\/\/api.w.org\/{rel}","templated":true}]}}