{"id":297,"date":"2011-09-16T12:03:41","date_gmt":"2011-09-16T12:03:41","guid":{"rendered":"http:\/\/www.barkultur.sk\/blog\/?p=297"},"modified":"2011-09-16T13:57:10","modified_gmt":"2011-09-16T13:57:10","slug":"charles-ma-70","status":"publish","type":"post","link":"http:\/\/www.barkultur.sk\/blog\/charles-ma-70\/","title":{"rendered":"CHARLES M\u00c1 70&#8230;"},"content":{"rendered":"<p><a href=\"http:\/\/www.barkultur.sk\/blog\/wp-content\/uploads\/2011\/09\/fotka.jpg\"><\/a><a href=\"http:\/\/www.barkultur.sk\/blog\/wp-content\/uploads\/2011\/09\/fotka.jpg\"><\/a><a href=\"http:\/\/www.barkultur.sk\/blog\/wp-content\/uploads\/2011\/09\/fotka-e1316174293952.jpg\"><img loading=\"lazy\" decoding=\"async\" class=\"alignnone size-medium wp-image-309\" title=\"fotka\" src=\"http:\/\/www.barkultur.sk\/blog\/wp-content\/uploads\/2011\/09\/fotka-e1316174599133-223x300.jpg\" alt=\"\" width=\"223\" height=\"300\" srcset=\"http:\/\/www.barkultur.sk\/blog\/wp-content\/uploads\/2011\/09\/fotka-e1316174599133-223x300.jpg 223w, http:\/\/www.barkultur.sk\/blog\/wp-content\/uploads\/2011\/09\/fotka-e1316174599133.jpg 464w\" sizes=\"(max-width: 223px) 100vw, 223px\" \/><\/a><\/p>\n<p>S t\u00fdmto videom<span style=\"color: #000000;\"> \/<a href=\"http:\/\/www.barkultur.sk\/blog\/wp-content\/uploads\/2011\/09\/schumann-540x304.jpg\"> <\/a><\/span><a href=\"http:\/\/www.zdf.de\/ZDFmediathek\/beitrag\/video\/1427346\/Hinterm-Rampenlicht-Charles-Schumann\">Hinterm-Rampenlicht-Charles-Schumann<\/a> \/a e\u0161te aj <a href=\"http:\/\/www.zeit.de\/2011\/38\/Charles-Schumann\/seite-1\">t\u00fdmto kr\u00e1snym \u010dl\u00e1nkom<\/a>, ktor\u00fd som si v z\u00e1p\u00e4t\u00ed pre\u010d\u00edtal, som sa dnes r\u00e1no zobudil a k\u00f4li nemu som zostal s telef\u00f3nom o vy\u0161e pol hodiny dlh\u0161ie v posteli.<!--more--><\/p>\n<p>Vstal som so stra\u0161ne dobrou n\u00e1ladou, s ove\u013ea v\u00e4\u010d\u0161ou chu\u0165ou do pr\u00e1ce, ale aj s ove\u013ea v\u00e4\u010d\u0161ou chu\u0165ou si vychutn\u00e1va\u0165 \u017eivot, v\u00e1\u017ei\u0165 si be\u017en\u00e9 mali\u010dkosti a zosta\u0165 \u00a0tak\u00fdm, ak\u00fdm som teraz. Nemeni\u0165 sa pod\u013ea trendov, pod\u013ea m\u00f3dy \u010di pod\u013ea po\u010dasia. \u00a0By\u0165 len s\u00e1m sebou a presadzova\u0165 si to, \u010domu \u00a0ver\u00edm.<br \/>\nTo mi dalo p\u00e1r str\u00e1n textu nap\u00edsan\u00e9 Moritzom &#8211; \u017eurnalistom, ktor\u00fd str\u00e1vil s Charlesom 5 dn\u00ed v jeho ob\u013e\u00fabenej \u010dasti ju\u017en\u00e9ho Franc\u00fazska. Pri \u010d\u00edtan\u00ed som bol \u0161\u0165astn\u00fd, \u017ee textu rozumiem, preto \u017ee tieto \u010dl\u00e1nky s\u00fa t\u00fdm najlep\u0161\u00edm, \u010do som niekedy v \u017eivote o barmanovi \u010d\u00edtal a vynahradilo mi to v\u0161etky knihy, cez ktor\u00e9 sa nem\u00f4\u017eem dokonale s \u013eahkos\u0165ou prehr\u00fdz\u0165 k\u00f4li nedokonalej \u00a0angli\u010dtine. \/ale u\u017e sa aj to zlep\u0161uje;\/<\/p>\n<p>Charles m\u00e1 70 rokov. Mysl\u00edm si, \u017ee nie je na svete barmana, ktor\u00fd by nechel vo jeho veku by\u0165 tak\u00fdm ako Charles Schumann. Nemysl\u00edm by\u0165 presne tak\u00fdm ako on. By\u0165 iba tak v pohode s vlastn\u00fdm barom, ktor\u00fd sa za 3 desa\u0165ro\u010dia stal legendou, so \u0161tyrmi knihami, \u00faspe\u0161ne funguj\u00facim Denn\u00fdm barom, s el\u00e1nom, chu\u0165ou do pr\u00e1ce a \u017eivotnou energiou, ktor\u00fa mu m\u00f4\u017eu z\u00e1vidie\u0165 mnoh\u00ed \u013eudia nie len v jeho veku, ale aj o desa\u0165ro\u010dia mlad\u0161\u00ed.<br \/>\nSt\u00e1le boxuje a u\u017e p\u00e1r rokov je jeho v\u00e1\u0161\u0148ou surf, t\u00e1 energia a charizma, ktor\u00e1 z neho ide je obdivuhodn\u00e1.<br \/>\nJe ve\u013ea viet, ktor\u00e9 by som z \u010dl\u00e1nku vytiahol a prelo\u017eil, ale zmysel m\u00e1 iba preklad cel\u00e9ho \u010dl\u00e1nku. Vtedy pochop\u00edte, ak\u00fd Charles naozaj je a pri prvom stretnut\u00ed sa v\u00e1m to stopercentne potvrd\u00ed. Aj ke\u010f nie\u010do z nap\u00edsan\u00e9ho m\u00f4\u017ee by\u0165 z ur\u010dit\u00e9ho poh\u013eadu tochu nadnesen\u00e9 , ak \u010dlovek rozumie a \u010d\u00edta aj trochu medzi riadkami, pochop\u00ed.<br \/>\n\u013dudia ho nemusia ma\u0165 radi. Jemu je to jedno a mo\u017eno t\u00fdm ich pri\u0165ahuje.<\/p>\n<p>Charles nem\u00e1 r\u00e1d dlh\u00e9 re\u010di, preto ani tento post nebude dlh\u00fd. P\u00ed\u0161em ho len preto, lebo m\u00e1m rados\u0165. Z toho, \u017ee som bol v jeho starom bare, \u017ee som sa s n\u00edm stretol, \u017ee mi st\u00e1le st\u00e1le nie\u010do d\u00e1va a ani o tom nevie.<br \/>\nA popri tom v\u0161etkom pozit\u00edvnom je tam aj trochu sm\u00fatku, \u017ee som nevyu\u017eil mo\u017enos\u0165 s n\u00edm pracova\u0165&#8230; Sn\u00e1\u010f v \u010fal\u0161om \u017eivote&#8230;<\/p>\n<p>V\u0161etko najlep\u0161ie, p\u00e1n Charles Schumann!<\/p>\n<p>&nbsp;<\/p>\n<p>Posted by: Lubo\u0161 R\u00e1cz<\/p>\n<p>&nbsp;<\/p>\n<fb:like \r\n\t\thref=\"http:\/\/www.barkultur.sk\/blog\/charles-ma-70\/\" \r\n\t\tlayout=\"button_count\" \r\n\t\tshow_faces=\"false\" \r\n\t\twidth=\"350\" \r\n\t\t\r\n\t\taction=\"like\" \r\n\t\tcolorscheme=\"light\" \r\n\t\tstyle=\"margin-top:5px;\"\r\n\t\tclass=\"fb_edge_widget_with_comment fb_iframe_widget\"><\/fb:like>","protected":false},"excerpt":{"rendered":"<p>S t\u00fdmto videom \/ Hinterm-Rampenlicht-Charles-Schumann \/a e\u0161te aj t\u00fdmto kr\u00e1snym \u010dl\u00e1nkom, ktor\u00fd som si v z\u00e1p\u00e4t\u00ed pre\u010d\u00edtal, som sa dnes r\u00e1no zobudil a k\u00f4li nemu som zostal s telef\u00f3nom o vy\u0161e pol hodiny dlh\u0161ie v posteli.<\/p>\n","protected":false},"author":2,"featured_media":0,"comment_status":"open","ping_status":"open","sticky":false,"template":"","format":"standard","meta":{"_s2mail":"yes","footnotes":""},"categories":[13,33],"tags":[52],"_links":{"self":[{"href":"http:\/\/www.barkultur.sk\/blog\/wp-json\/wp\/v2\/posts\/297"}],"collection":[{"href":"http:\/\/www.barkultur.sk\/blog\/wp-json\/wp\/v2\/posts"}],"about":[{"href":"http:\/\/www.barkultur.sk\/blog\/wp-json\/wp\/v2\/types\/post"}],"author":[{"embeddable":true,"href":"http:\/\/www.barkultur.sk\/blog\/wp-json\/wp\/v2\/users\/2"}],"replies":[{"embeddable":true,"href":"http:\/\/www.barkultur.sk\/blog\/wp-json\/wp\/v2\/comments?post=297"}],"version-history":[{"count":20,"href":"http:\/\/www.barkultur.sk\/blog\/wp-json\/wp\/v2\/posts\/297\/revisions"}],"predecessor-version":[{"id":320,"href":"http:\/\/www.barkultur.sk\/blog\/wp-json\/wp\/v2\/posts\/297\/revisions\/320"}],"wp:attachment":[{"href":"http:\/\/www.barkultur.sk\/blog\/wp-json\/wp\/v2\/media?parent=297"}],"wp:term":[{"taxonomy":"category","embeddable":true,"href":"http:\/\/www.barkultur.sk\/blog\/wp-json\/wp\/v2\/categories?post=297"},{"taxonomy":"post_tag","embeddable":true,"href":"http:\/\/www.barkultur.sk\/blog\/wp-json\/wp\/v2\/tags?post=297"}],"curies":[{"name":"wp","href":"https:\/\/api.w.org\/{rel}","templated":true}]}}