{"id":3044,"date":"2017-12-25T13:01:11","date_gmt":"2017-12-25T13:01:11","guid":{"rendered":"http:\/\/www.barkultur.sk\/blog\/?p=3044"},"modified":"2017-12-27T11:34:15","modified_gmt":"2017-12-27T11:34:15","slug":"barmanske-vianoce-budu","status":"publish","type":"post","link":"http:\/\/www.barkultur.sk\/blog\/barmanske-vianoce-budu\/","title":{"rendered":"BARMANSK\u00c9 VIANOCE BUD\u00da!"},"content":{"rendered":"<p><a href=\"http:\/\/www.barkultur.sk\/blog\/barmanske-vianoce-budu\/vianoce\/\" rel=\"attachment wp-att-3045\"><img loading=\"lazy\" decoding=\"async\" class=\"wp-image-3045 alignleft\" src=\"http:\/\/www.barkultur.sk\/blog\/wp-content\/uploads\/2017\/12\/vianoce.jpg\" alt=\"\" width=\"489\" height=\"325\" srcset=\"http:\/\/www.barkultur.sk\/blog\/wp-content\/uploads\/2017\/12\/vianoce.jpg 960w, http:\/\/www.barkultur.sk\/blog\/wp-content\/uploads\/2017\/12\/vianoce-300x199.jpg 300w, http:\/\/www.barkultur.sk\/blog\/wp-content\/uploads\/2017\/12\/vianoce-768x510.jpg 768w\" sizes=\"(max-width: 489px) 100vw, 489px\" \/><\/a>Sorry. Najprv sa mus\u00edm ospravedlni\u0165, \u017ee som dlho o na\u0161ich Vianociach ni\u010d nehovoril ani nep\u00edsal. V skuto\u010dnosti som ich ani nechcel robi\u0165. Starost\u00ed a pr\u00e1ce vy\u0161e hlavy, tak \u017ee som nest\u00edhal to, \u010do som mal v pl\u00e1ne hne\u010f po skon\u010den\u00ed t\u00fdch tohtoro\u010dn\u00fdch. Chcel som Vianoce posun\u00fa\u0165 op\u00e4\u0165 vy\u0161\u0161ie. Vy\u017eaduje si to viac \u010dasu, team \u013eud\u00ed, vy\u0161\u0161\u00ed budget a mnoho \u010fal\u0161\u00edch mali\u010dkost\u00ed, aby event posunuli a priniesli nie\u010do nov\u00e9, \u010do tu e\u0161te nebolo. Lebo presne to sa o nich hovorilo za\u010diatkom tohto roka. Dovol\u00edm si poveda\u0165, \u017ee tak\u00ed speakri a tak\u00fd barov\u00fd team sa u n\u00e1s dovtedy do kopy e\u0161te nedal. Tak\u00fd barov\u00fd rakenrol som veru e\u0161te neza\u017eil a to stoj\u00edm za barom u\u017e poriadne dlho a neviem, \u010di je v\u00f4bec na Slovensku e\u0161te niekto, kto za\u010d\u00ednal za cocktailov\u00fdm barom sk\u00f4r ako ja. V\u017edy som mal amb\u00edcie veci zlep\u0161ova\u0165 a ak sa to ned\u00e1, tak za\u010d\u00ednam o sebe pochybova\u0165. Nevyhovovalo mi to ani \u010dasovo, lebo my\u0161lienka eventu tla\u010dila do d\u00e1tumu Viano\u010dn\u00fdch sviatkov \/do 6.1\/, kedy je takmer nemo\u017en\u00e9 nie\u010do vybavi\u0165, tak \u017ee v\u0161etky potrebn\u00e9 n\u00e1le\u017eitosti je nutn\u00e9 urobi\u0165 e\u0161te do Vianoc. A to nie je pre jedn\u00e9ho \u010dloveka v\u00f4bec jednoduch\u00e9.<!--more--><br \/>\nVe\u013emi ma pote\u0161il z\u00e1ujem o tento event zo strany barmanov a aj na\u0161ich host\u00ed. Je to super a \u010fakujem za to! \u010eakujem za v\u0161etky osobn\u00e9 dotazy, spr\u00e1vy, maily. Niektor\u00fdm som u\u017e odpovedal, \u017ee Vianoce asi tento rok nebud\u00fa. \u017de to nebudem sili\u0165 a rad\u0161ej u\u0161etr\u00edm vz\u00e1cny \u010das.<br \/>\nPo nieko\u013ek\u00fdch rozhovoroch a mailoch s niektor\u00fdmi \u013eu\u010fmi \u00a0som za\u010dal nad t\u00fdm v\u0161etk\u00fdm znovu rozm\u00fd\u0161\u013ea\u0165. Uvedomil som si, \u017ee nemus\u00edm ni\u010d sili\u0165. Nikomu ni\u010d dokazova\u0165. Nemus\u00edm sa na to pozrea\u0165 z poh\u013eadu, aby som bol lep\u0161\u00ed, ako v\u010dera. Vlastne ni\u010d nemus\u00edm. \u00daplne sta\u010d\u00ed, ke\u010f budem chcie\u0165. Vtedy to p\u00f4jde sam\u00e9 a bez stresu. \u017de zabudnem na p\u00e1r momentov z minul\u00e9ho roku, ktor\u00e9 sa mi nep\u00e1\u010dili, \u017ee zabudnem na chv\u00ed\u013eu, kedy som mal toho naozaj dos\u0165. \u017de nemus\u00edm nar\u00fdchlo zh\u00e1\u0148a\u0165 nov\u00fdch zahrani\u010dn\u00fdch host\u00ed a vlastne \u017ee \u00faplne sta\u010d\u00ed, ak si uvedom\u00edm podstatu Vianoc. By\u0165 spolu, stretn\u00fa\u0165 sa na mieste, ktor\u00e9 m\u00e1m r\u00e1d, u\u017ei\u0165 si a pre\u017ei\u0165 pekn\u00fd ve\u010der. Robi\u0165 veci \u00faplne jednoducho. Pozva\u0165 \u013eud\u00ed, ktor\u00fdch m\u00e1m r\u00e1d, da\u0165 im vedie\u0165, \u017ee ich r\u00e1d uvid\u00edm. To je v\u0161etko.<br \/>\nVypust\u00edme tento rok m\u00fadre slov\u00e1, ktor\u00e9 maj\u00fa in\u0161pirova\u0165 a nakopn\u00fa\u0165 k lep\u0161ej pr\u00e1ci. Tento de\u0148 to nech\u00e1me tak a jednoducho sa stretneme. \u017diadne predn\u00e1\u0161ky, iba pekn\u00fd ve\u010der.<br \/>\nTak \u017ee zatia\u013e sme ja, George N\u011bmec a Katka Kluchov\u00e1. Za p\u00e1r dn\u00ed d\u00e1m vedie\u0165, kto sa k n\u00e1m prid\u00e1. Budem s\u0165astn\u00fd, ak to bude partia z minul\u00e9ho roku. O tom, kto sa k n\u00e1m e\u0161te prid\u00e1 v\u00e1m d\u00e1m samozrejme vedie\u0165.<br \/>\n<del>Ur\u010dite otvor\u00edme \u010ciernu Dieru, kde sa bude zase mie\u0161a\u0165 iba Negroni,<\/del> budeme si hra\u0165 dobr\u00fa muziku a vypijeme p\u00e1r drinkov.<br \/>\nTrad\u00edcia Barmansk\u00fdch Vianoc pokra\u010duje a ja d\u00fafam, \u017ee si to s nami u\u017eijete!<br \/>\nOZAJ, TO NAJPODSTATNEJ\u0160IE. Rezervujte si 10. JANU\u00c1R 2018! Bar otv\u00e1rame o 19,00.<br \/>\nStol\u00edk si m\u00f4\u017ete rezervova\u0165 na: barmanskevianoce@barkultur.sk<br \/>\nMiesta na bare nie je mo\u017en\u00e9 rezervova\u0165.<br \/>\nTe\u0161\u00edm sa na V\u00e1s!<\/p>\n<p>PS: PR\u00c1VE MI POTVRDIL SVOJU \u00da\u010cAS\u0164 AJ STAN VADRNA!! MOC SA TE\u0160\u00cdM!<\/p>\n<p>Lubo\u0161 R\u00e1cz<\/p>\n<fb:like \r\n\t\thref=\"http:\/\/www.barkultur.sk\/blog\/barmanske-vianoce-budu\/\" \r\n\t\tlayout=\"button_count\" \r\n\t\tshow_faces=\"false\" \r\n\t\twidth=\"350\" \r\n\t\t\r\n\t\taction=\"like\" \r\n\t\tcolorscheme=\"light\" \r\n\t\tstyle=\"margin-top:5px;\"\r\n\t\tclass=\"fb_edge_widget_with_comment fb_iframe_widget\"><\/fb:like>","protected":false},"excerpt":{"rendered":"<p>Sorry. Najprv sa mus\u00edm ospravedlni\u0165, \u017ee som dlho o na\u0161ich Vianociach ni\u010d nehovoril ani nep\u00edsal. V skuto\u010dnosti som ich ani nechcel robi\u0165. Starost\u00ed a pr\u00e1ce vy\u0161e hlavy, tak \u017ee som nest\u00edhal to, \u010do som mal v pl\u00e1ne hne\u010f po skon\u010den\u00ed t\u00fdch tohtoro\u010dn\u00fdch. Chcel som Vianoce posun\u00fa\u0165 op\u00e4\u0165 vy\u0161\u0161ie. Vy\u017eaduje si to viac \u010dasu, team \u013eud\u00ed, [&hellip;]<\/p>\n","protected":false},"author":2,"featured_media":0,"comment_status":"open","ping_status":"open","sticky":false,"template":"","format":"standard","meta":{"_s2mail":"yes","footnotes":""},"categories":[92,33],"tags":[],"_links":{"self":[{"href":"http:\/\/www.barkultur.sk\/blog\/wp-json\/wp\/v2\/posts\/3044"}],"collection":[{"href":"http:\/\/www.barkultur.sk\/blog\/wp-json\/wp\/v2\/posts"}],"about":[{"href":"http:\/\/www.barkultur.sk\/blog\/wp-json\/wp\/v2\/types\/post"}],"author":[{"embeddable":true,"href":"http:\/\/www.barkultur.sk\/blog\/wp-json\/wp\/v2\/users\/2"}],"replies":[{"embeddable":true,"href":"http:\/\/www.barkultur.sk\/blog\/wp-json\/wp\/v2\/comments?post=3044"}],"version-history":[{"count":10,"href":"http:\/\/www.barkultur.sk\/blog\/wp-json\/wp\/v2\/posts\/3044\/revisions"}],"predecessor-version":[{"id":3058,"href":"http:\/\/www.barkultur.sk\/blog\/wp-json\/wp\/v2\/posts\/3044\/revisions\/3058"}],"wp:attachment":[{"href":"http:\/\/www.barkultur.sk\/blog\/wp-json\/wp\/v2\/media?parent=3044"}],"wp:term":[{"taxonomy":"category","embeddable":true,"href":"http:\/\/www.barkultur.sk\/blog\/wp-json\/wp\/v2\/categories?post=3044"},{"taxonomy":"post_tag","embeddable":true,"href":"http:\/\/www.barkultur.sk\/blog\/wp-json\/wp\/v2\/tags?post=3044"}],"curies":[{"name":"wp","href":"https:\/\/api.w.org\/{rel}","templated":true}]}}