{"id":3062,"date":"2017-12-29T20:49:15","date_gmt":"2017-12-29T20:49:15","guid":{"rendered":"http:\/\/www.barkultur.sk\/blog\/?p=3062"},"modified":"2017-12-29T21:24:29","modified_gmt":"2017-12-29T21:24:29","slug":"rozmyslam-nahlas","status":"publish","type":"post","link":"http:\/\/www.barkultur.sk\/blog\/rozmyslam-nahlas\/","title":{"rendered":"ROZM\u00dd\u0160\u013dAM NAHLAS"},"content":{"rendered":"<p>S barom je to ako na hojda\u010dke. Pre\u017e\u00edva pokojn\u00e9 aj turbolentn\u00e9 obdobia, v z\u00e1sade je z\u00e1visl\u00fd od \u013eud\u00ed, ktor\u00ed tam pracuj\u00fa. Ti ti urobia ve\u010der, vytvoria atmosf\u00e9ru a spokojnos\u0165 host\u00ed a majite\u013ea je iba o tom, \u010di sa m\u00f4\u017ee na nich vo v\u0161etkom spo\u013eahn\u00fa\u0165, alebo s nimi str\u00e1vi aj svoj osobn\u00fd \u017eivot. Ak ich m\u00e1\u0161, je v\u0161etko super. Ale znakom dne\u0161nej doby je, \u017ee zo \u017eeleznou pravidelnos\u0165ou pr\u00edde obdobie, ke\u010f ich nie je dostatok a zobere\u0161 aj ma\u010dku vo vreci. Je jasn\u00e9, \u017ee mlad\u00fdm \u013eu\u010fom sa manu\u00e1lne robi\u0165 nechce. Je to asi preto, ze nemaj\u00fa v\u00edziu, \u017ee veci vn\u00edmaju inak, ako t\u00ed star\u0161\u00ed, ktori sa postupom \u010dasu nau\u010dili, o \u010dom je zodpovednos\u0165. Kritizova\u0165 v\u0161ak nie je cesta. Nehovorme o tom, aj tak si nepom\u00f4\u017eeme. Mus\u00edme kone\u010dne nie\u010do robi\u0165. Toto by bol iba mal\u00fd krok, ktor\u00fd samozrejme nevyrie\u0161i takmer ni\u010d. Ale niekde treba za\u010da\u0165. Tak rozm\u00fd\u0161\u013eam nahlas.<\/p>\n<p><!--more--><a href=\"http:\/\/www.barkultur.sk\/blog\/rozmyslam-nahlas\/book_1920x1200\/\" rel=\"attachment wp-att-3066\"><img loading=\"lazy\" decoding=\"async\" class=\"alignleft size-medium wp-image-3066\" src=\"http:\/\/www.barkultur.sk\/blog\/wp-content\/uploads\/2017\/12\/Book_1920x1200-300x187.jpg\" alt=\"\" width=\"300\" height=\"187\" srcset=\"http:\/\/www.barkultur.sk\/blog\/wp-content\/uploads\/2017\/12\/Book_1920x1200-300x187.jpg 300w, http:\/\/www.barkultur.sk\/blog\/wp-content\/uploads\/2017\/12\/Book_1920x1200-768x480.jpg 768w, http:\/\/www.barkultur.sk\/blog\/wp-content\/uploads\/2017\/12\/Book_1920x1200.jpg 858w\" sizes=\"(max-width: 300px) 100vw, 300px\" \/><\/a><\/p>\n<p>Napadlo ma, \u017ee by sme si zalo\u017eili tak\u00e9 Barmansk\u00e9 kni\u017eky. Kni\u017eka by to bola ve\u013emi pekn\u00e1, elegantn\u00e1 a atrakt\u00edvna. Vyzerala by tak, \u017ee by na \u0148u jej vlastn\u00edk bol py\u0161n\u00fd a pri prvom poh\u013eade na \u0148u by ju t\u00fa\u017eil vlastni\u0165. Nie v\u0161ak iba pre jej vizu\u00e1l. Dostal by ju po prv\u00fd kr\u00e1t, keby pri\u0161iel pracova\u0165 do poriadneho baru. Do tak\u00e9ho, ktor\u00e9 by sme si ur\u010dili, \u017ee by mal pr\u00e1vo tak\u00e9to kni\u017eky d\u00e1va\u0165. T\u00e9mou teraz nie je, ktor\u00e9 bary by to boli a kto by ich ur\u010doval. Nakoniec to nie je a\u017e tak \u0165a\u017ek\u00e9 uh\u00e1dnu\u0165. Ur\u010dite by to v\u0161ak nebol ka\u017ed\u00fd bar ktor\u00fd rob\u00ed drinky, \u010di \u010dapuje pivo.<br \/>\nU\u017e si ju predstavujem. Kni\u017eka by mala pr\u00edjemn\u00fd zamatov\u00fd obal, tmavo bordov\u00e1, \u010dierna, alebo temne zelen\u00e1, na nej vytla\u010den\u00fd zlat\u00fd \u0161ejker. Pokra\u010dovala by fotkou barmana a jeho inic\u00e1lami. Prv\u00fd pracovn\u00fd z\u00e1pis by za\u010d\u00ednal d\u00e1tumom n\u00e1stupu do pr\u00e1ce. Nasledovali by jeho dosiahnut\u00e9, zru\u010dnosti, vedomosti a \u00faspechy, ktor\u00e9 by zap\u00edsal majite\u013e baru, \u010di \u0161\u00e9fbarman a potvrdil svoj\u00edm podpisom. Kon\u010dil by d\u00e1tumom posledn\u00e9ho odpracovan\u00e9ho ve\u010dera a kr\u00e1tkym doporu\u010dovac\u00edm listom. Kni\u017eka by bola ulo\u017een\u00e1 v bare a d\u00e1vala by sa vlastn\u00edkovi iba pri zvl\u00e1\u0161tnych pr\u00edle\u017eitostiach, a samozrejme, keby op\u00fas\u0165al bar. Jej skuto\u010dn\u00fdm vlastn\u00edkom by sa stal po odpracovan\u00ed jedn\u00e9ho a\u017e dvoch rokov v danom bare.<br \/>\nTak\u00e1to kni\u017eka by sa dedila. Majite\u013e by ju nech\u00e1val svojim de\u0165om na znak toho, \u017ee m\u00f4\u017eu by\u0165 na neho hrd\u00e9. \u017de to, \u010do robil nebola len oby\u010dajn\u00e1 pr\u00e1ca, \u017ee rozd\u00e1val z\u00e1\u017eitok, \u017eivotn\u00e9 sk\u00fasenosti a bol \u010dlovekom, ktor\u00e9ho si \u013eudia naozaj v\u00e1\u017eili.<\/p>\n<p>Pripom\u00edna mi to star\u00e9 \u010dasy. \u010casy, ke\u010f barmani boli v\u00e1\u017een\u00e9 osobnosti, \u010dasy, kedy si v\u00e1\u017eili svoju pr\u00e1cu, \u010dasy, kedy si zamestn\u00e1vatelia v\u00e1\u017eia svojich pracovn\u00edkov. Ve\u013emi t\u00fa\u017eim vr\u00e1ti\u0165 \u010dasy vz\u00e1jomn\u00e9ho re\u0161pektu sp\u00e4\u0165, pri\u010dom som ich ako zamestn\u00e1vate\u013e a\u017e na p\u00e1r v\u00fdnimiek sn\u00e1\u010f ani neza\u017eil. T\u00fa\u017eim da\u0165 t\u00fdmto mal\u00fdm sp\u00f4sobom najavo ka\u017ed\u00e9mu z v\u00e1s, ktor\u00fd si t\u00fato kni\u017eku zasl\u00fa\u017ei, \u017ee niekam patr\u00ed. \u017de po predlo\u017een\u00ed tejto kni\u017eky sa na v\u00e1s bud\u00fa pozera\u0165 inak. \u017de to bude prv\u00e9, \u010do po v\u00e1s v\u00e1\u0161 nov\u00fd \u0161\u00e9f bude \u017eiada\u0165, \u017ee v\u00e1m to otvor\u00ed dvere.<br \/>\nNetvrd\u00edm, \u017ee t\u00e1to mal\u00e1 vec zmen\u00ed zl\u00fa situ\u00e1ciu s person\u00e1lom. Ale mo\u017eno je to mal\u00fd krok, ktor\u00fd n\u00e1m pom\u00f4\u017ee by\u0165 hrd\u00fd na to, \u010do rob\u00edme a \u017ee to nie je be\u017en\u00e1 pr\u00e1ca, ktor\u00fa m\u00f4\u017ee robi\u0165 ka\u017ed\u00fd.<br \/>\nBudem r\u00e1d, ak mi d\u00e1te vedie\u0165 svoj n\u00e1zor.<\/p>\n<p>Lubo\u0161 R\u00e1cz<\/p>\n<fb:like \r\n\t\thref=\"http:\/\/www.barkultur.sk\/blog\/rozmyslam-nahlas\/\" \r\n\t\tlayout=\"button_count\" \r\n\t\tshow_faces=\"false\" \r\n\t\twidth=\"350\" \r\n\t\t\r\n\t\taction=\"like\" \r\n\t\tcolorscheme=\"light\" \r\n\t\tstyle=\"margin-top:5px;\"\r\n\t\tclass=\"fb_edge_widget_with_comment fb_iframe_widget\"><\/fb:like>","protected":false},"excerpt":{"rendered":"<p>S barom je to ako na hojda\u010dke. Pre\u017e\u00edva pokojn\u00e9 aj turbolentn\u00e9 obdobia, v z\u00e1sade je z\u00e1visl\u00fd od \u013eud\u00ed, ktor\u00ed tam pracuj\u00fa. Ti ti urobia ve\u010der, vytvoria atmosf\u00e9ru a spokojnos\u0165 host\u00ed a majite\u013ea je iba o tom, \u010di sa m\u00f4\u017ee na nich vo v\u0161etkom spo\u013eahn\u00fa\u0165, alebo s nimi str\u00e1vi aj svoj osobn\u00fd \u017eivot. Ak ich m\u00e1\u0161, [&hellip;]<\/p>\n","protected":false},"author":2,"featured_media":0,"comment_status":"open","ping_status":"open","sticky":false,"template":"","format":"standard","meta":{"_s2mail":"yes","footnotes":""},"categories":[1],"tags":[],"_links":{"self":[{"href":"http:\/\/www.barkultur.sk\/blog\/wp-json\/wp\/v2\/posts\/3062"}],"collection":[{"href":"http:\/\/www.barkultur.sk\/blog\/wp-json\/wp\/v2\/posts"}],"about":[{"href":"http:\/\/www.barkultur.sk\/blog\/wp-json\/wp\/v2\/types\/post"}],"author":[{"embeddable":true,"href":"http:\/\/www.barkultur.sk\/blog\/wp-json\/wp\/v2\/users\/2"}],"replies":[{"embeddable":true,"href":"http:\/\/www.barkultur.sk\/blog\/wp-json\/wp\/v2\/comments?post=3062"}],"version-history":[{"count":8,"href":"http:\/\/www.barkultur.sk\/blog\/wp-json\/wp\/v2\/posts\/3062\/revisions"}],"predecessor-version":[{"id":3071,"href":"http:\/\/www.barkultur.sk\/blog\/wp-json\/wp\/v2\/posts\/3062\/revisions\/3071"}],"wp:attachment":[{"href":"http:\/\/www.barkultur.sk\/blog\/wp-json\/wp\/v2\/media?parent=3062"}],"wp:term":[{"taxonomy":"category","embeddable":true,"href":"http:\/\/www.barkultur.sk\/blog\/wp-json\/wp\/v2\/categories?post=3062"},{"taxonomy":"post_tag","embeddable":true,"href":"http:\/\/www.barkultur.sk\/blog\/wp-json\/wp\/v2\/tags?post=3062"}],"curies":[{"name":"wp","href":"https:\/\/api.w.org\/{rel}","templated":true}]}}