{"id":3328,"date":"2018-10-16T08:33:56","date_gmt":"2018-10-16T08:33:56","guid":{"rendered":"http:\/\/www.barkultur.sk\/blog\/?p=3328"},"modified":"2018-10-16T11:39:18","modified_gmt":"2018-10-16T11:39:18","slug":"kratky-post-1","status":"publish","type":"post","link":"http:\/\/www.barkultur.sk\/blog\/kratky-post-1\/","title":{"rendered":"KR\u00c1TKY POST #1"},"content":{"rendered":"<p>\u010c\u00edtam v Denn\u00edku N \u010dl\u00e1nok o vo\u013eb\u00e1ch v Bavorsku, ktor\u00e9 prebehli minul\u00fd v\u00edkend. Pre t\u00fdch, ktor\u00ed ma poznaj\u00fa, vedia, \u017ee ma Bavorsko a Mn\u00edchov z r\u00f4znych pr\u00ed\u010din zauj\u00edma.<br \/>\nP\u00ed\u0161u, \u017ee strana CSU, ktor\u00e1 mala pred vo\u013ebami absol\u00fatnu v\u00e4\u010d\u0161inu v bavorskom parlamente ju po t\u00fdchto vo\u013eb\u00e1ch stratila.<br \/>\n&#8220;<em>Koal\u00edciu bude s\u00edce CSU sklada\u0165 ako najsilnej\u0161ia strana, ale u\u017e nie s absol\u00fatnou v\u00e4\u010d\u0161inou a ur\u010dite nie bez vyvodenia zodpovednosti na najvy\u0161\u0161\u00edch miestach pre zl\u00fd v\u00fdsledok.<\/em>&#8221; p\u00ed\u0161e sa v Denn\u00edku.<br \/>\nTak som sa pozastavil nad t\u00fdm, ako sa vyvodzovala zodpovednos\u0165, ke\u010f na\u0161a vl\u00e1dnuca strana stratila absol\u00fatnu v\u00e4\u010d\u0161inu. \u017diadnu, preto \u017ee nemala n\u00e1hradu za hlavu. Nem\u00e1 ju ani teraz, ke\u010f sa s\u00edce vymenil premi\u00e9r, ale v norm\u00e1lnej krajine by ten \u010dlovek, \u010do toto dovolil u\u017e d\u00e1vno stratil poz\u00edciu nie len v strane, ale aj v politike.<br \/>\nTak mi to pripomenulo fungovanie n\u00e1\u0161ho biznisu. Tie\u017e \u010dasto mus\u00edme zamestn\u00e1va\u0165 \u013eud\u00ed, ktor\u00fdch sme sa mali u\u017e d\u00e1vno zbavi\u0165. Ale nem\u00e1me miesto istotu, \u017ee miesto nich pr\u00edde lep\u0161\u00ed. Dokonca m\u00e1me e\u0161te v\u00e4\u010d\u0161\u00ed probl\u00e9m. St\u00e1va sa n\u00e1m, \u017ee u\u017e dopredu vieme, \u017ee potrebujeme lep\u0161ieho \u010dloveka ako toho, ktor\u00e9ho pr\u00e1ve prij\u00edmame, ale d\u00e1me mu \u0161ancu napriek tomu, \u017ee vieme, \u017ee na to nem\u00e1. A po mesiaci sa v tom utvrd\u00edme, ale mus\u00edme pokra\u010dova\u0165 s t\u00fdm, \u010do m\u00e1me. A to je najv\u00e4\u010d\u0161\u00ed d\u00f4vod, pre\u010do sa s\u00edce m\u00f4\u017eme sna\u017ei\u0165 patri\u0165 k t\u00fdm najlep\u0161\u00edm, ale v skuto\u010dnosti, v tom lep\u0161om pr\u00edpade, zost\u00e1vame lep\u0161\u00edm priemerom a nikdy nebudeme patri\u0165 medzi najlep\u0161\u00edch aj napriek tomu, \u017ee na to niektor\u00ed z n\u00e1s maj\u00fa.<\/p>\n<p>Posted by: Lubo\u0161 R\u00e1cz<\/p>\n<p>&nbsp;<\/p>\n<fb:like \r\n\t\thref=\"http:\/\/www.barkultur.sk\/blog\/kratky-post-1\/\" \r\n\t\tlayout=\"button_count\" \r\n\t\tshow_faces=\"false\" \r\n\t\twidth=\"350\" \r\n\t\t\r\n\t\taction=\"like\" \r\n\t\tcolorscheme=\"light\" \r\n\t\tstyle=\"margin-top:5px;\"\r\n\t\tclass=\"fb_edge_widget_with_comment fb_iframe_widget\"><\/fb:like>","protected":false},"excerpt":{"rendered":"<p>\u010c\u00edtam v Denn\u00edku N \u010dl\u00e1nok o vo\u013eb\u00e1ch v Bavorsku, ktor\u00e9 prebehli minul\u00fd v\u00edkend. Pre t\u00fdch, ktor\u00ed ma poznaj\u00fa, vedia, \u017ee ma Bavorsko a Mn\u00edchov z r\u00f4znych pr\u00ed\u010din zauj\u00edma. P\u00ed\u0161u, \u017ee strana CSU, ktor\u00e1 mala pred vo\u013ebami absol\u00fatnu v\u00e4\u010d\u0161inu v bavorskom parlamente ju po t\u00fdchto vo\u013eb\u00e1ch stratila. &#8220;Koal\u00edciu bude s\u00edce CSU sklada\u0165 ako najsilnej\u0161ia strana, ale [&hellip;]<\/p>\n","protected":false},"author":2,"featured_media":0,"comment_status":"open","ping_status":"open","sticky":false,"template":"","format":"standard","meta":{"_s2mail":"yes","footnotes":""},"categories":[1],"tags":[],"_links":{"self":[{"href":"http:\/\/www.barkultur.sk\/blog\/wp-json\/wp\/v2\/posts\/3328"}],"collection":[{"href":"http:\/\/www.barkultur.sk\/blog\/wp-json\/wp\/v2\/posts"}],"about":[{"href":"http:\/\/www.barkultur.sk\/blog\/wp-json\/wp\/v2\/types\/post"}],"author":[{"embeddable":true,"href":"http:\/\/www.barkultur.sk\/blog\/wp-json\/wp\/v2\/users\/2"}],"replies":[{"embeddable":true,"href":"http:\/\/www.barkultur.sk\/blog\/wp-json\/wp\/v2\/comments?post=3328"}],"version-history":[{"count":6,"href":"http:\/\/www.barkultur.sk\/blog\/wp-json\/wp\/v2\/posts\/3328\/revisions"}],"predecessor-version":[{"id":3336,"href":"http:\/\/www.barkultur.sk\/blog\/wp-json\/wp\/v2\/posts\/3328\/revisions\/3336"}],"wp:attachment":[{"href":"http:\/\/www.barkultur.sk\/blog\/wp-json\/wp\/v2\/media?parent=3328"}],"wp:term":[{"taxonomy":"category","embeddable":true,"href":"http:\/\/www.barkultur.sk\/blog\/wp-json\/wp\/v2\/categories?post=3328"},{"taxonomy":"post_tag","embeddable":true,"href":"http:\/\/www.barkultur.sk\/blog\/wp-json\/wp\/v2\/tags?post=3328"}],"curies":[{"name":"wp","href":"https:\/\/api.w.org\/{rel}","templated":true}]}}