{"id":3376,"date":"2018-12-14T23:58:01","date_gmt":"2018-12-14T23:58:01","guid":{"rendered":"http:\/\/www.barkultur.sk\/blog\/?p=3376"},"modified":"2018-12-15T13:43:18","modified_gmt":"2018-12-15T13:43:18","slug":"barmanske-vianoce-budu-aj-tento-rok","status":"publish","type":"post","link":"http:\/\/www.barkultur.sk\/blog\/barmanske-vianoce-budu-aj-tento-rok\/","title":{"rendered":"BARMANSK\u00c9 VIANOCE BUD\u00da&#8230; AJ TENTO ROK!"},"content":{"rendered":"<p><a href=\"http:\/\/www.barkultur.sk\/blog\/barmanske-vianoce-budu-aj-tento-rok\/barmag-plagat-a1\/\" rel=\"attachment wp-att-3381\"><img loading=\"lazy\" decoding=\"async\" class=\"alignleft size-medium wp-image-3381\" src=\"http:\/\/www.barkultur.sk\/blog\/wp-content\/uploads\/2018\/12\/BARMAG-PLAGAT-A1-212x300.jpg\" alt=\"\" width=\"212\" height=\"300\" srcset=\"http:\/\/www.barkultur.sk\/blog\/wp-content\/uploads\/2018\/12\/BARMAG-PLAGAT-A1-212x300.jpg 212w, http:\/\/www.barkultur.sk\/blog\/wp-content\/uploads\/2018\/12\/BARMAG-PLAGAT-A1-768x1087.jpg 768w, http:\/\/www.barkultur.sk\/blog\/wp-content\/uploads\/2018\/12\/BARMAG-PLAGAT-A1-723x1024.jpg 723w\" sizes=\"(max-width: 212px) 100vw, 212px\" \/><\/a>\u00a0Tak \u017ee kone\u010dne ofici\u00e1lne a nahlas &#8211; Barmansk\u00e9 Vianoce bud\u00fa! S\u00fa v porad\u00ed u\u017e piate a bud\u00fa v\u00fdnimo\u010dn\u00e9.<br \/>\nAj ke\u010f mus\u00edm za\u010da\u0165 smutnou spr\u00e1vou, \u017ee tento rok za barom neuvid\u00edte m\u00f4jho dobr\u00e9ho kamar\u00e1ta, otca my\u0161lienky tohto eventu, zakladate\u013ea Bohemian Bar Clubu a brandambassadora Becherovky Georga N\u011bmca. \u017dia\u013e sa mi nepodarilo presne zos\u00faladi\u0165 term\u00edn s ostatn\u00fdmi hos\u0165ami, preto \u017ee mojou prioritou bolo tento rok prinies\u0165 ofici\u00e1lne na Slovensko jedine\u010dn\u00fd barov\u00fd dokument Schumann`s Bartalks. Nie len to, na ofici\u00e1lne uvedenie filmu pr\u00edde do Nitry aj Charles Schumann osobne! Nemenej d\u00f4le\u017eit\u00fd je aj \u010fal\u0161\u00ed hos\u0165, legenda \u010deskej barovej sc\u00e9ny, zakladate\u013e a majite\u013e prv\u00e9ho koktejlov\u00e9ho baru v \u010ceskoslovensku po revol\u00facii, p\u00e1n V\u00e1clav Voj\u00ed\u0159. Ke\u010f \u017ee\u00a0ho za barom m\u00f4\u017eete stretn\u00fa\u0165 dnes u\u017e len v\u00fdnimo\u010dne je jeho n\u00e1v\u0161teva, a to, \u017ee sa ve\u010der postav\u00ed s nami za bar o to vz\u00e1cnej\u0161ia. Podobne je to aj s ostatn\u00fdmi hos\u0165ami. Kate\u0159ina Kluchov\u00e1, Stan Vadrna, Erik Lorincz. K nim sa prid\u00e1 jeden z najlep\u0161\u00edch barmanov Schumann`s Baru Nouri Elmoussaoui\u00a0a ja. Squadra Azzura, Le Bleu, Siln\u00e1 zostava&#8230; \u00a0volajte si to ako chcete, pre m\u0148a definit\u00edvne splnen\u00fd sen o ktorom som sa neodv\u00e1\u017eil sn\u00edva\u0165. Viac u\u017e p\u00edsa\u0165 nebudem. V\u0161etko podstatn\u00e9 si vypo\u010dujete priamo na Barmansk\u00fdch Vianociach. Za\u010d\u00edname u\u017e o 14.30 v Starom Divadle Karola Spi\u0161\u00e1ka v Nitre. Ve\u010der pokra\u010dujeme v Z\u00e1hire. V\u0161etko ostatn\u00e9 oh\u013eadne programu a rezerv\u00e1c\u00ed v\u00e1m d\u00e1m vedie\u0165 v najbli\u017e\u0161\u00edch d\u0148och.\u00a0Budem sa na v\u00e1s v\u0161etk\u00fdch moc te\u0161i\u0165!<\/p>\n<p>PS: T\u00ed, ktor\u00ed s\u00fa u\u017e rozhodnut\u00ed pr\u00eds\u0165 bez oh\u013eadu na to, \u010do sa bude dia\u0165, si u\u017e m\u00f4\u017eu rezervova\u0165 vstup do kina a na ve\u010der na zn\u00e1mom maily:<br \/>\nbarmanskevianoce@barkultur.sk<\/p>\n<p>Posted by: Lubo\u0161 R\u00e1cz<\/p>\n<fb:like \r\n\t\thref=\"http:\/\/www.barkultur.sk\/blog\/barmanske-vianoce-budu-aj-tento-rok\/\" \r\n\t\tlayout=\"button_count\" \r\n\t\tshow_faces=\"false\" \r\n\t\twidth=\"350\" \r\n\t\t\r\n\t\taction=\"like\" \r\n\t\tcolorscheme=\"light\" \r\n\t\tstyle=\"margin-top:5px;\"\r\n\t\tclass=\"fb_edge_widget_with_comment fb_iframe_widget\"><\/fb:like>","protected":false},"excerpt":{"rendered":"<p>\u00a0Tak \u017ee kone\u010dne ofici\u00e1lne a nahlas &#8211; Barmansk\u00e9 Vianoce bud\u00fa! S\u00fa v porad\u00ed u\u017e piate a bud\u00fa v\u00fdnimo\u010dn\u00e9. Aj ke\u010f mus\u00edm za\u010da\u0165 smutnou spr\u00e1vou, \u017ee tento rok za barom neuvid\u00edte m\u00f4jho dobr\u00e9ho kamar\u00e1ta, otca my\u0161lienky tohto eventu, zakladate\u013ea Bohemian Bar Clubu a brandambassadora Becherovky Georga N\u011bmca. \u017dia\u013e sa mi nepodarilo presne zos\u00faladi\u0165 term\u00edn s ostatn\u00fdmi [&hellip;]<\/p>\n","protected":false},"author":2,"featured_media":0,"comment_status":"open","ping_status":"open","sticky":false,"template":"","format":"standard","meta":{"_s2mail":"yes","footnotes":""},"categories":[13,176,33,90],"tags":[],"_links":{"self":[{"href":"http:\/\/www.barkultur.sk\/blog\/wp-json\/wp\/v2\/posts\/3376"}],"collection":[{"href":"http:\/\/www.barkultur.sk\/blog\/wp-json\/wp\/v2\/posts"}],"about":[{"href":"http:\/\/www.barkultur.sk\/blog\/wp-json\/wp\/v2\/types\/post"}],"author":[{"embeddable":true,"href":"http:\/\/www.barkultur.sk\/blog\/wp-json\/wp\/v2\/users\/2"}],"replies":[{"embeddable":true,"href":"http:\/\/www.barkultur.sk\/blog\/wp-json\/wp\/v2\/comments?post=3376"}],"version-history":[{"count":9,"href":"http:\/\/www.barkultur.sk\/blog\/wp-json\/wp\/v2\/posts\/3376\/revisions"}],"predecessor-version":[{"id":3389,"href":"http:\/\/www.barkultur.sk\/blog\/wp-json\/wp\/v2\/posts\/3376\/revisions\/3389"}],"wp:attachment":[{"href":"http:\/\/www.barkultur.sk\/blog\/wp-json\/wp\/v2\/media?parent=3376"}],"wp:term":[{"taxonomy":"category","embeddable":true,"href":"http:\/\/www.barkultur.sk\/blog\/wp-json\/wp\/v2\/categories?post=3376"},{"taxonomy":"post_tag","embeddable":true,"href":"http:\/\/www.barkultur.sk\/blog\/wp-json\/wp\/v2\/tags?post=3376"}],"curies":[{"name":"wp","href":"https:\/\/api.w.org\/{rel}","templated":true}]}}