{"id":3395,"date":"2019-01-04T11:39:32","date_gmt":"2019-01-04T11:39:32","guid":{"rendered":"http:\/\/www.barkultur.sk\/blog\/?p=3395"},"modified":"2019-01-04T13:10:20","modified_gmt":"2019-01-04T13:10:20","slug":"barmanske-vianoce-v","status":"publish","type":"post","link":"http:\/\/www.barkultur.sk\/blog\/barmanske-vianoce-v\/","title":{"rendered":"BARMANSK\u00c9 VIANOCE V."},"content":{"rendered":"<p>Aj ke\u010f s\u00fa Barmansk\u00e9 Vianoce a\u017e za tri t\u00fd\u017edne \/alebo U\u017d?\/, ja u\u017e m\u00e1m teraz probl\u00e9m so sp\u00e1nkom. V hlave sa mi melie v\u0161etko, \u010do treba e\u0161te urobi\u0165, vybavi\u0165, zabezpe\u010di\u0165, pripomen\u00fa\u0165, aby bolo v\u0161etko tak, ako si predstavujem. Len sa to\u010d\u00edm v posteli, a\u017e sa nakoniec prin\u00fatim si tie my\u0161lienky odlo\u017ei\u0165 na r\u00e1no s t\u00fdm, \u017ee ich za\u010dnem re\u00e1lne aj rozv\u00edja\u0165 a premie\u0148a\u0165 na pracovn\u00fa \u010dinnos\u0165.<br \/>\nPrv\u00e1 z nich v novom roku je t\u00e1, \u017ee v\u00e1m kone\u010dne p\u00ed\u0161em, pre\u010do sa vlastne oplat\u00ed 22.janu\u00e1ra do Nitry pr\u00eds\u0165. P\u00edsal by som aj sk\u00f4r,\u00a0ale niektor\u00e9 veci, ktor\u00e9 som pl\u00e1noval zaradi\u0165 do programu nevy\u0161li, na niektor\u00e9 som musel \u010daka\u0165.<br \/>\nNo, ka\u017edop\u00e1dne je na \u010dase v\u00e1m da\u0165 info, ako to tu u n\u00e1s v Nitre bude prebieha\u0165.<br \/>\n<!--more--><a href=\"http:\/\/www.barkultur.sk\/blog\/barmanske-vianoce-v\/bdaea21d-95b4-11e8-8e7d-000c29a578f8\/\" rel=\"attachment wp-att-3399\"><img loading=\"lazy\" decoding=\"async\" class=\"alignleft size-medium wp-image-3399\" src=\"http:\/\/www.barkultur.sk\/blog\/wp-content\/uploads\/2019\/01\/bdaea21d-95b4-11e8-8e7d-000c29a578f8-300x169.jpg\" alt=\"\" width=\"300\" height=\"169\" srcset=\"http:\/\/www.barkultur.sk\/blog\/wp-content\/uploads\/2019\/01\/bdaea21d-95b4-11e8-8e7d-000c29a578f8-300x169.jpg 300w, http:\/\/www.barkultur.sk\/blog\/wp-content\/uploads\/2019\/01\/bdaea21d-95b4-11e8-8e7d-000c29a578f8.jpg 635w\" sizes=\"(max-width: 300px) 100vw, 300px\" \/><\/a>\u010cO V\u00c1S \u010cAK\u00c1?<br \/>\nAko som u\u017e p\u00edsal <a href=\"http:\/\/www.barkultur.sk\/blog\/barmanske-vianoce-budu-aj-tento-rok\/\">TU<\/a>, \u00a0po\u010das Barmansk\u00fdch Vianoc bude ma\u0165 na Slovensku ofici\u00e1lnu premi\u00e9ru jedine\u010dn\u00fd barov\u00fd dokument SCHUMANN`S BARTALKS od re\u017eis\u00e9rky Marieke Schroeder s Charlesom Schumannom v hlavnej \u00falohe. Mnoh\u00ed ste ho mo\u017eno u\u017e videli na DVD, niektor\u00ed u n\u00e1s v Z\u00e1hire, ke\u010f sme ho raz premietali s Lidmi z Baru z Brna. Ale poviem v\u00e1m, v kine to m\u00e1 in\u00e9 gule. Viac o tom pred predstaven\u00edm, ako som za\u017eil najdrah\u0161ie kino v mojom \u017eivote&#8230; \u00a0Ak n\u00e1hodou e\u0161te nie ste rozhodnut\u00ed, \u010di ten film v\u00f4bec chcete vidie\u0165, \u010deknite<a href=\"http:\/\/www.schumannsbartalks.com\"> TU ofici\u00e1lne str\u00e1nky<\/a>, n\u00e1jdete tam v\u0161etko od traileru, a\u017e po meno p\u00e1na, \u010do dr\u017eal klapku. Film budeme premieta\u0165 s \u010desk\u00fdmi titulkami. D\u00fafam, \u017ee tam n\u00e1jdete nie\u010do, \u010do v\u00e1s presved\u010d\u00ed viac, ako tis\u00edc slov v \u010dl\u00e1nku na blogu, len sa netreba rozhodova\u0165 dlho, preto \u017ee v\u00e1m chceme pon\u00faknu\u0165 ove\u013ea viac.<\/p>\n<p>PROGRAM:<br \/>\n14.30 &#8211; vstup \/ welcome drink by Z\u00e1hir<br \/>\n15.00 &#8211; rozhovor s Charlesom Schumannom<br \/>\n16.00 &#8211; diskusia s hos\u0165ami o Schumann`s bare, Barovej Kult\u00fare a In\u0161pir\u00e1cii<br \/>\n16.50 &#8211; rozhovor s Charlesom Schumannom o filme<br \/>\n17.00 &#8211; Schumann`s Bartalks Film<br \/>\n18.30 &#8211; Koniec prvej \u010dasti B.V.<\/p>\n<p>V kine dostanete vstup, k\u00e1vu, pukance, drink. K tomu pripravujem e\u0161te v\u00fdstavu barov\u00fdch fotograf\u00ed\u00ed od viacer\u00fdch fotografov. Tak ak sa v\u00e1m niektor\u00e9 zap\u00e1\u010dia, budete si sn\u00e1\u010f m\u00f4c\u0165 aj niektor\u00fa k\u00fapi\u0165 do svojho baru.<\/p>\n<p>21.00 &#8211; Barmansk\u00e9 Vianoce &#8211; Z\u00e1hir<br \/>\nhostitelia: Charles Schumann, V\u00e1clav Voj\u00ed\u0159, Kate\u0159ina Kluchov\u00e1, Nouri Elmousaoui, Erik Lorincz, Stanislav Vadrna,<br \/>\nLubo\u0161 R\u00e1cz<\/p>\n<p>AKO SA DOSTA\u0164 NA BARMANSK\u00c9 VIANOCE<br \/>\nAk chcete by\u0165 tento rok s nami, treba sa popon\u00e1h\u013ea\u0165. Nap\u00edsa\u0165 \u010do najsk\u00f4r mail na: barmanskevianoce@barkultur.sk, ako odpove\u010f dostanete mail s in\u0161trukciami, ako dokon\u010di\u0165 va\u0161u rezerv\u00e1ciu, aby \u00a0bola \u00a0kompletn\u00e1.<br \/>\nRezerv\u00e1cie nie je mo\u017en\u00e9 deli\u0165 na denn\u00fa a ve\u010dern\u00fa \u010das\u0165, funguj\u00fa iba spolu, vstup do Z\u00e1hiru bude mo\u017en\u00e9 iba so vstupenkou z kina. Rezerv\u00e1cie stolov s\u00fa obmedzen\u00e9, tak je mo\u017en\u00e9, \u017ee budete cel\u00fd ve\u010der barovo st\u00e1\u0165, ale to k dobr\u00fdm barom patr\u00ed. Rezerv\u00e1cia za barom nie je mo\u017en\u00e1, bar bude bez barov\u00fdch stoli\u010diek, ver\u00edm, \u017ee sa k baru dostan\u00fa postupne v\u0161etci a uvidia barmanov pri pr\u00e1ci. Barmani bud\u00fa pracova\u0165 do 01.00 hod. Potom bude v ponuke Gin&amp;Tonic a Negroni od na\u0161ich chalanov. Z\u00e1hir bude otvoren\u00fd do 02.00, druh\u00fd de\u0148 r\u00e1no od 7.30 u\u017e otv\u00e1rame zase, tak aby sme sa tro\u0161ku aj vyspali.<br \/>\nDoporu\u010dujem dlho s rezerv\u00e1ciou nev\u00e1ha\u0165, u\u017e dnes je 1\/3 l\u00edstkov predan\u00fdch.<br \/>\nVer\u00edm, \u017ee sa v\u0161etci vid\u00edme a za\u017eijeme zase \u010fal\u0161\u00ed neopakovate\u013en\u00fd ve\u010der!<\/p>\n<p>Mus\u00edm e\u0161te na tomto mieste po\u010fakova\u0165 za podporu m\u00f4jmu hlavn\u00e9mu partnerovi a par\u0165\u00e1kovi Karolovi Domischovi z Pernod Ricard Slovensko. Taktie\u017e za podporu \u00a0Zuzane Lovato z firmy Soim \/Nikka whisky\/, \u0160imonovi Sta\u0161ovi z Bazzara Academy, ktor\u00fd n\u00e1m bude vari\u0165 k\u00e1vu a samozrejme aj m\u00f4jmu cel\u00e9mu Z\u00e1hir Teamu za pomoc pri organiz\u00e1cii a realiz\u00e1cii Eventu. Sn\u00e1\u010f sa n\u00e1m to podar\u00ed!<\/p>\n<p>Posted by: Lubo\u0161 R\u00e1cz<\/p>\n<fb:like \r\n\t\thref=\"http:\/\/www.barkultur.sk\/blog\/barmanske-vianoce-v\/\" \r\n\t\tlayout=\"button_count\" \r\n\t\tshow_faces=\"false\" \r\n\t\twidth=\"350\" \r\n\t\t\r\n\t\taction=\"like\" \r\n\t\tcolorscheme=\"light\" \r\n\t\tstyle=\"margin-top:5px;\"\r\n\t\tclass=\"fb_edge_widget_with_comment fb_iframe_widget\"><\/fb:like>","protected":false},"excerpt":{"rendered":"<p>Aj ke\u010f s\u00fa Barmansk\u00e9 Vianoce a\u017e za tri t\u00fd\u017edne \/alebo U\u017d?\/, ja u\u017e m\u00e1m teraz probl\u00e9m so sp\u00e1nkom. V hlave sa mi melie v\u0161etko, \u010do treba e\u0161te urobi\u0165, vybavi\u0165, zabezpe\u010di\u0165, pripomen\u00fa\u0165, aby bolo v\u0161etko tak, ako si predstavujem. Len sa to\u010d\u00edm v posteli, a\u017e sa nakoniec prin\u00fatim si tie my\u0161lienky odlo\u017ei\u0165 na r\u00e1no s t\u00fdm, [&hellip;]<\/p>\n","protected":false},"author":2,"featured_media":0,"comment_status":"open","ping_status":"open","sticky":false,"template":"","format":"standard","meta":{"_s2mail":"yes","footnotes":""},"categories":[76,92,33],"tags":[],"_links":{"self":[{"href":"http:\/\/www.barkultur.sk\/blog\/wp-json\/wp\/v2\/posts\/3395"}],"collection":[{"href":"http:\/\/www.barkultur.sk\/blog\/wp-json\/wp\/v2\/posts"}],"about":[{"href":"http:\/\/www.barkultur.sk\/blog\/wp-json\/wp\/v2\/types\/post"}],"author":[{"embeddable":true,"href":"http:\/\/www.barkultur.sk\/blog\/wp-json\/wp\/v2\/users\/2"}],"replies":[{"embeddable":true,"href":"http:\/\/www.barkultur.sk\/blog\/wp-json\/wp\/v2\/comments?post=3395"}],"version-history":[{"count":8,"href":"http:\/\/www.barkultur.sk\/blog\/wp-json\/wp\/v2\/posts\/3395\/revisions"}],"predecessor-version":[{"id":3404,"href":"http:\/\/www.barkultur.sk\/blog\/wp-json\/wp\/v2\/posts\/3395\/revisions\/3404"}],"wp:attachment":[{"href":"http:\/\/www.barkultur.sk\/blog\/wp-json\/wp\/v2\/media?parent=3395"}],"wp:term":[{"taxonomy":"category","embeddable":true,"href":"http:\/\/www.barkultur.sk\/blog\/wp-json\/wp\/v2\/categories?post=3395"},{"taxonomy":"post_tag","embeddable":true,"href":"http:\/\/www.barkultur.sk\/blog\/wp-json\/wp\/v2\/tags?post=3395"}],"curies":[{"name":"wp","href":"https:\/\/api.w.org\/{rel}","templated":true}]}}